{"id":318,"date":"2012-05-05T00:29:53","date_gmt":"2012-05-04T21:29:53","guid":{"rendered":"http:\/\/sinisalo.org\/blog\/?p=318"},"modified":"2012-05-05T00:29:53","modified_gmt":"2012-05-04T21:29:53","slug":"abisko-kilpisjarvi-valokuvia","status":"publish","type":"post","link":"https:\/\/sinisalo.org\/blog\/2012\/abisko-kilpisjarvi-valokuvia\/","title":{"rendered":"Abisko &#8211; Kilpisj\u00e4rvi, valokuvia"},"content":{"rendered":"<p>Matkakuvien julkaisu jatkuu, t\u00e4llaisella viikko per etappi tahdilla pelk\u00e4st\u00e4\u00e4n n\u00e4iden kuvien valmiiksi saamiseen jokaiselta etapilta menee yhteens\u00e4 seitsem\u00e4n viikkoa&#8230; Sitten olisi viel\u00e4 ne varsinaiset teokset. Ja se video.<\/p>\n<p>Kirjoitukset polulta: Abisko &#8211; Kilpisj\u00e4rvi, <a title=\"Abisko \u2013 Kilpisj\u00e4rvi, osa 1\" href=\"http:\/\/sinisalo.org\/blog\/2011\/abisko-kilpijarvi-osa-1\/\">osa 1<\/a>, <a title=\"Abisko \u2013 Kilpisj\u00e4rvi, osa 2\" href=\"http:\/\/sinisalo.org\/blog\/2011\/abisko-kilpisjarvi-osa-2\/\">osa 2<\/a>, <a title=\"Abisko \u2013 Kilpisj\u00e4rvi, osa 3\" href=\"http:\/\/sinisalo.org\/blog\/2011\/abisko-kilpisjarvi-osa-3\/\">osa 3<\/a>.<\/p>\n<div id=\"attachment_321\" style=\"width: 696px\" class=\"wp-caption aligncenter\"><img loading=\"lazy\" decoding=\"async\" aria-describedby=\"caption-attachment-321\" class=\"size-full wp-image-321\" title=\"P7154077\" src=\"http:\/\/sinisalo.org\/blog\/wp-content\/uploads\/2012\/05\/P7154077.jpg\" alt=\"Abiskosta kun l\u00e4htee kiert\u00e4m\u00e4\u00e4n Tornioj\u00e4rven luoteisp\u00e4\u00e4t\u00e4, k\u00e4y kulkija Rallarv\u00e4gen-reitti\u00e4 pitkin, joka on oikein leppoisa kulkea ainakin sinne asti, mist\u00e4 Kalottireitti siit\u00e4 erkanee. Abisko, Ruotsi\" width=\"686\" height=\"515\" srcset=\"https:\/\/sinisalo.org\/blog\/wp-content\/uploads\/2012\/05\/P7154077.jpg 686w, https:\/\/sinisalo.org\/blog\/wp-content\/uploads\/2012\/05\/P7154077-150x112.jpg 150w, https:\/\/sinisalo.org\/blog\/wp-content\/uploads\/2012\/05\/P7154077-300x225.jpg 300w\" sizes=\"(max-width: 686px) 100vw, 686px\" \/><p id=\"caption-attachment-321\" class=\"wp-caption-text\">Abiskosta kun l\u00e4htee kiert\u00e4m\u00e4\u00e4n Tornioj\u00e4rven luoteisp\u00e4\u00e4t\u00e4, k\u00e4y kulkija Rallarv\u00e4gen-reitti\u00e4 pitkin, joka on oikein leppoisa kulkea ainakin sinne asti, miss\u00e4 Kalottireitti siit\u00e4 erkanee. Abisko, Ruotsi<\/p><\/div>\n<div id=\"attachment_322\" style=\"width: 696px\" class=\"wp-caption aligncenter\"><img loading=\"lazy\" decoding=\"async\" aria-describedby=\"caption-attachment-322\" class=\"size-full wp-image-322\" title=\"P7154100\" src=\"http:\/\/sinisalo.org\/blog\/wp-content\/uploads\/2012\/05\/P7154100.jpg\" alt=\"Ruotsalaista vaellusreitin kyltityst\u00e4, Abisko \u00d6:st\u00e4 olin tullut t\u00e4nne. Tornehamn, Ruotsi\" width=\"686\" height=\"515\" srcset=\"https:\/\/sinisalo.org\/blog\/wp-content\/uploads\/2012\/05\/P7154100.jpg 686w, https:\/\/sinisalo.org\/blog\/wp-content\/uploads\/2012\/05\/P7154100-150x112.jpg 150w, https:\/\/sinisalo.org\/blog\/wp-content\/uploads\/2012\/05\/P7154100-300x225.jpg 300w\" sizes=\"(max-width: 686px) 100vw, 686px\" \/><p id=\"caption-attachment-322\" class=\"wp-caption-text\">Ruotsalaista vaellusreitin kyltityst\u00e4, Abisko \u00d6:st\u00e4 olin tullut t\u00e4nne. Tornehamn, Ruotsi<\/p><\/div>\n<div id=\"attachment_323\" style=\"width: 696px\" class=\"wp-caption aligncenter\"><img loading=\"lazy\" decoding=\"async\" aria-describedby=\"caption-attachment-323\" class=\"size-full wp-image-323\" title=\"P7164164\" src=\"http:\/\/sinisalo.org\/blog\/wp-content\/uploads\/2012\/05\/P7164164.jpg\" alt=\"Toinen p\u00e4iv\u00e4 alkoi kukkivassa koivikossa, polku kulkee oikeasta alanurkasta kuvan keskelle. P\u00e5lnovarasj, Ruotsi\" width=\"686\" height=\"515\" srcset=\"https:\/\/sinisalo.org\/blog\/wp-content\/uploads\/2012\/05\/P7164164.jpg 686w, https:\/\/sinisalo.org\/blog\/wp-content\/uploads\/2012\/05\/P7164164-150x112.jpg 150w, https:\/\/sinisalo.org\/blog\/wp-content\/uploads\/2012\/05\/P7164164-300x225.jpg 300w\" sizes=\"(max-width: 686px) 100vw, 686px\" \/><p id=\"caption-attachment-323\" class=\"wp-caption-text\">Toinen p\u00e4iv\u00e4 alkoi kukkivassa koivikossa, polku kulkee oikeasta alanurkasta kuvan keskelle. P\u00e5lnovarasj, Ruotsi<\/p><\/div>\n<div id=\"attachment_324\" style=\"width: 696px\" class=\"wp-caption aligncenter\"><img loading=\"lazy\" decoding=\"async\" aria-describedby=\"caption-attachment-324\" class=\"size-full wp-image-324\" title=\"P7164172\" src=\"http:\/\/sinisalo.org\/blog\/wp-content\/uploads\/2012\/05\/P7164172.jpg\" alt=\"Osa edellisen p\u00e4iv\u00e4n reitist\u00e4 Tornioj\u00e4rven luoteisp\u00e4\u00e4st\u00e4 ja t\u00e4m\u00e4n &quot;aamup\u00e4iv\u00e4n&quot; ohjelma, nousta yl\u00f6s tunturiin, leiri oli alhaalla j\u00e4rven rannalla. Lappjordhytta, Norja\" width=\"686\" height=\"515\" srcset=\"https:\/\/sinisalo.org\/blog\/wp-content\/uploads\/2012\/05\/P7164172.jpg 686w, https:\/\/sinisalo.org\/blog\/wp-content\/uploads\/2012\/05\/P7164172-150x112.jpg 150w, https:\/\/sinisalo.org\/blog\/wp-content\/uploads\/2012\/05\/P7164172-300x225.jpg 300w\" sizes=\"(max-width: 686px) 100vw, 686px\" \/><p id=\"caption-attachment-324\" class=\"wp-caption-text\">Osa edellisen p\u00e4iv\u00e4n reitist\u00e4 Tornioj\u00e4rven luoteisp\u00e4\u00e4st\u00e4 ja t\u00e4m\u00e4n &quot;aamup\u00e4iv\u00e4n&quot; ohjelma, nousta yl\u00f6s tunturiin, leiri oli alhaalla j\u00e4rven rannalla. Lappjordhytta, Norja<\/p><\/div>\n<div id=\"attachment_325\" style=\"width: 696px\" class=\"wp-caption aligncenter\"><img loading=\"lazy\" decoding=\"async\" aria-describedby=\"caption-attachment-325\" class=\"size-full wp-image-325\" title=\"P7164181\" src=\"http:\/\/sinisalo.org\/blog\/wp-content\/uploads\/2012\/05\/P7164181.jpg\" alt=\"Pilvi\u00e4 alkaa ker\u00e4\u00e4ntym\u00e4\u00e4n kun leiripaikka l\u00e4henee, ennen leiriytymist\u00e4 viel\u00e4 oikealla olevan joen ylitys. Ruov'doaivit, Norja\" width=\"686\" height=\"515\" srcset=\"https:\/\/sinisalo.org\/blog\/wp-content\/uploads\/2012\/05\/P7164181.jpg 686w, https:\/\/sinisalo.org\/blog\/wp-content\/uploads\/2012\/05\/P7164181-150x112.jpg 150w, https:\/\/sinisalo.org\/blog\/wp-content\/uploads\/2012\/05\/P7164181-300x225.jpg 300w\" sizes=\"(max-width: 686px) 100vw, 686px\" \/><p id=\"caption-attachment-325\" class=\"wp-caption-text\">Pilvi\u00e4 alkaa ker\u00e4\u00e4ntym\u00e4\u00e4n kun leiripaikka l\u00e4henee, ennen leiriytymist\u00e4 viel\u00e4 oikealla olevan joen ylitys. Ruov&#39;doaivit, Norja<\/p><\/div>\n<div id=\"attachment_326\" style=\"width: 525px\" class=\"wp-caption aligncenter\"><img loading=\"lazy\" decoding=\"async\" aria-describedby=\"caption-attachment-326\" class=\"size-full wp-image-326\" title=\"P7164185\" src=\"http:\/\/sinisalo.org\/blog\/wp-content\/uploads\/2012\/05\/P7164185.jpg\" alt=\"Peruskahlaus, vett\u00e4 ei ole pahimmillaan kuin 30-40 sentti\u00e4 n\u00e4in korkealla tunturissa, kivien liikkuminen jalkojen alla on pahinta, sek\u00e4 veden kylmyys. Ruov'doaivit, Norja\" width=\"515\" height=\"686\" srcset=\"https:\/\/sinisalo.org\/blog\/wp-content\/uploads\/2012\/05\/P7164185.jpg 515w, https:\/\/sinisalo.org\/blog\/wp-content\/uploads\/2012\/05\/P7164185-112x150.jpg 112w, https:\/\/sinisalo.org\/blog\/wp-content\/uploads\/2012\/05\/P7164185-225x300.jpg 225w\" sizes=\"(max-width: 515px) 100vw, 515px\" \/><p id=\"caption-attachment-326\" class=\"wp-caption-text\">Peruskahlaus, vett\u00e4 ei ole pahimmillaan kuin 30-40 sentti\u00e4 n\u00e4in korkealla tunturissa, kivien liikkuminen jalkojen alla on pahinta, sek\u00e4 veden kylmyys. Ruov&#39;doaivit, Norja<\/p><\/div>\n<div id=\"attachment_327\" style=\"width: 696px\" class=\"wp-caption aligncenter\"><img loading=\"lazy\" decoding=\"async\" aria-describedby=\"caption-attachment-327\" class=\"size-full wp-image-327\" title=\"P7174188\" src=\"http:\/\/sinisalo.org\/blog\/wp-content\/uploads\/2012\/05\/P7174188.jpg\" alt=\"Y\u00f6n j\u00e4lkeen pilvet v\u00e4istyv\u00e4t auringon tielt\u00e4, jolloin mielen lis\u00e4ksi voi ladata akkuja. Ruov'doaivit, Norja\" width=\"686\" height=\"515\" srcset=\"https:\/\/sinisalo.org\/blog\/wp-content\/uploads\/2012\/05\/P7174188.jpg 686w, https:\/\/sinisalo.org\/blog\/wp-content\/uploads\/2012\/05\/P7174188-150x112.jpg 150w, https:\/\/sinisalo.org\/blog\/wp-content\/uploads\/2012\/05\/P7174188-300x225.jpg 300w\" sizes=\"(max-width: 686px) 100vw, 686px\" \/><p id=\"caption-attachment-327\" class=\"wp-caption-text\">Y\u00f6n j\u00e4lkeen pilvet v\u00e4istyv\u00e4t auringon tielt\u00e4, jolloin mielen lis\u00e4ksi voi ladata akkuja. Ruov&#39;doaivit, Norja<\/p><\/div>\n<div id=\"attachment_328\" style=\"width: 696px\" class=\"wp-caption aligncenter\"><img loading=\"lazy\" decoding=\"async\" aria-describedby=\"caption-attachment-328\" class=\"size-full wp-image-328\" title=\"P7174220\" src=\"http:\/\/sinisalo.org\/blog\/wp-content\/uploads\/2012\/05\/P7174220.jpg\" alt=\"Kiva s\u00e4\u00e4 taivaltaa alasp\u00e4in muutamalle m\u00f6kille viev\u00e4\u00e4 m\u00f6kij\u00e4uraa pitkin ja kohti Altevatnetia. Salvvasjohka, Norja\" width=\"686\" height=\"515\" srcset=\"https:\/\/sinisalo.org\/blog\/wp-content\/uploads\/2012\/05\/P7174220.jpg 686w, https:\/\/sinisalo.org\/blog\/wp-content\/uploads\/2012\/05\/P7174220-150x112.jpg 150w, https:\/\/sinisalo.org\/blog\/wp-content\/uploads\/2012\/05\/P7174220-300x225.jpg 300w\" sizes=\"(max-width: 686px) 100vw, 686px\" \/><p id=\"caption-attachment-328\" class=\"wp-caption-text\">Kiva s\u00e4\u00e4 taivaltaa alasp\u00e4in muutamalle m\u00f6kille viev\u00e4\u00e4 m\u00f6kij\u00e4uraa pitkin ja kohti Altevatnetia. Salvvasjohka, Norja<\/p><\/div>\n<div id=\"attachment_329\" style=\"width: 696px\" class=\"wp-caption aligncenter\"><img loading=\"lazy\" decoding=\"async\" aria-describedby=\"caption-attachment-329\" class=\"size-full wp-image-329\" title=\"P7184248\" src=\"http:\/\/sinisalo.org\/blog\/wp-content\/uploads\/2012\/05\/P7184248.jpg\" alt=\"Kello 0:24 Altevatnetin rannalla. Altevatnet, Norja\" width=\"686\" height=\"515\" srcset=\"https:\/\/sinisalo.org\/blog\/wp-content\/uploads\/2012\/05\/P7184248.jpg 686w, https:\/\/sinisalo.org\/blog\/wp-content\/uploads\/2012\/05\/P7184248-150x112.jpg 150w, https:\/\/sinisalo.org\/blog\/wp-content\/uploads\/2012\/05\/P7184248-300x225.jpg 300w\" sizes=\"(max-width: 686px) 100vw, 686px\" \/><p id=\"caption-attachment-329\" class=\"wp-caption-text\">Kello 0:24 Altevatnetin rannalla. Altevatnet, Norja<\/p><\/div>\n<div id=\"attachment_330\" style=\"width: 696px\" class=\"wp-caption aligncenter\"><img loading=\"lazy\" decoding=\"async\" aria-describedby=\"caption-attachment-330\" class=\"size-full wp-image-330\" title=\"P7184295\" src=\"http:\/\/sinisalo.org\/blog\/wp-content\/uploads\/2012\/05\/P7184295.jpg\" alt=\"J\u00e4rven rannalta hiljalleen ylemm\u00e4s t\u00e4nne, sitten taas alas ja k\u00e4\u00e4ntyminen vasemmalle nousemaan takaisin yl\u00f6s. Lifjelltangen, Norja\" width=\"686\" height=\"515\" srcset=\"https:\/\/sinisalo.org\/blog\/wp-content\/uploads\/2012\/05\/P7184295.jpg 686w, https:\/\/sinisalo.org\/blog\/wp-content\/uploads\/2012\/05\/P7184295-150x112.jpg 150w, https:\/\/sinisalo.org\/blog\/wp-content\/uploads\/2012\/05\/P7184295-300x225.jpg 300w\" sizes=\"(max-width: 686px) 100vw, 686px\" \/><p id=\"caption-attachment-330\" class=\"wp-caption-text\">J\u00e4rven rannalta hiljalleen ylemm\u00e4s t\u00e4nne, sitten taas alas ja k\u00e4\u00e4ntyminen vasemmalle nousemaan takaisin yl\u00f6s. Lifjelltangen, Norja<\/p><\/div>\n<div id=\"attachment_331\" style=\"width: 696px\" class=\"wp-caption aligncenter\"><img loading=\"lazy\" decoding=\"async\" aria-describedby=\"caption-attachment-331\" class=\"size-full wp-image-331\" title=\"P7184306\" src=\"http:\/\/sinisalo.org\/blog\/wp-content\/uploads\/2012\/05\/P7184306.jpg\" alt=\"Tauko virran varrella. Luotnajohka, Norja\" width=\"686\" height=\"515\" srcset=\"https:\/\/sinisalo.org\/blog\/wp-content\/uploads\/2012\/05\/P7184306.jpg 686w, https:\/\/sinisalo.org\/blog\/wp-content\/uploads\/2012\/05\/P7184306-150x112.jpg 150w, https:\/\/sinisalo.org\/blog\/wp-content\/uploads\/2012\/05\/P7184306-300x225.jpg 300w\" sizes=\"(max-width: 686px) 100vw, 686px\" \/><p id=\"caption-attachment-331\" class=\"wp-caption-text\">Tauko virran varrella. Luotnajohka, Norja<\/p><\/div>\n<div id=\"attachment_332\" style=\"width: 696px\" class=\"wp-caption aligncenter\"><img loading=\"lazy\" decoding=\"async\" aria-describedby=\"caption-attachment-332\" class=\"size-full wp-image-332\" title=\"P7184313\" src=\"http:\/\/sinisalo.org\/blog\/wp-content\/uploads\/2012\/05\/P7184313.jpg\" alt=\"Loivaa nousua, eik\u00e4 t\u00e4\u00e4ll\u00e4 ole pahemmin ruuhkaa. Gaskkasvaggi, Norja\" width=\"686\" height=\"515\" srcset=\"https:\/\/sinisalo.org\/blog\/wp-content\/uploads\/2012\/05\/P7184313.jpg 686w, https:\/\/sinisalo.org\/blog\/wp-content\/uploads\/2012\/05\/P7184313-150x112.jpg 150w, https:\/\/sinisalo.org\/blog\/wp-content\/uploads\/2012\/05\/P7184313-300x225.jpg 300w\" sizes=\"(max-width: 686px) 100vw, 686px\" \/><p id=\"caption-attachment-332\" class=\"wp-caption-text\">Loivaa nousua, eik\u00e4 t\u00e4\u00e4ll\u00e4 ole pahemmin ruuhkaa. Gaskkasvaggi, Norja<\/p><\/div>\n<div id=\"attachment_333\" style=\"width: 696px\" class=\"wp-caption aligncenter\"><img loading=\"lazy\" decoding=\"async\" aria-describedby=\"caption-attachment-333\" class=\"size-full wp-image-333\" title=\"P7194319\" src=\"http:\/\/sinisalo.org\/blog\/wp-content\/uploads\/2012\/05\/P7194319.jpg\" alt=\"Loistavaa maata telttailuun, vaikka koski vieress\u00e4 olikin \u00e4\u00e4nek\u00e4s. Gaskkasvaggi, Norja\" width=\"686\" height=\"515\" srcset=\"https:\/\/sinisalo.org\/blog\/wp-content\/uploads\/2012\/05\/P7194319.jpg 686w, https:\/\/sinisalo.org\/blog\/wp-content\/uploads\/2012\/05\/P7194319-150x112.jpg 150w, https:\/\/sinisalo.org\/blog\/wp-content\/uploads\/2012\/05\/P7194319-300x225.jpg 300w\" sizes=\"(max-width: 686px) 100vw, 686px\" \/><p id=\"caption-attachment-333\" class=\"wp-caption-text\">Loistavaa maata telttailuun, vaikka koski vieress\u00e4 olikin \u00e4\u00e4nek\u00e4s. Gaskkasvaggi, Norja<\/p><\/div>\n<div id=\"attachment_334\" style=\"width: 696px\" class=\"wp-caption aligncenter\"><img loading=\"lazy\" decoding=\"async\" aria-describedby=\"caption-attachment-334\" class=\"size-full wp-image-334\" title=\"P7194332\" src=\"http:\/\/sinisalo.org\/blog\/wp-content\/uploads\/2012\/05\/P7194332.jpg\" alt=\"Helppoa suunnistusta jos n\u00e4kyvyytt\u00e4 on tarpeeksi, kulkee vain alasp\u00e4in tuntureiden v\u00e4liss\u00e4. Gaskkasvaggi, Norja\" width=\"686\" height=\"515\" srcset=\"https:\/\/sinisalo.org\/blog\/wp-content\/uploads\/2012\/05\/P7194332.jpg 686w, https:\/\/sinisalo.org\/blog\/wp-content\/uploads\/2012\/05\/P7194332-150x112.jpg 150w, https:\/\/sinisalo.org\/blog\/wp-content\/uploads\/2012\/05\/P7194332-300x225.jpg 300w\" sizes=\"(max-width: 686px) 100vw, 686px\" \/><p id=\"caption-attachment-334\" class=\"wp-caption-text\">Helppoa suunnistusta jos n\u00e4kyvyytt\u00e4 on tarpeeksi, kulkee vain alasp\u00e4in tuntureiden v\u00e4liss\u00e4. Gaskkasvaggi, Norja<\/p><\/div>\n<div id=\"attachment_335\" style=\"width: 696px\" class=\"wp-caption aligncenter\"><img loading=\"lazy\" decoding=\"async\" aria-describedby=\"caption-attachment-335\" class=\"size-full wp-image-335\" title=\"P7194360\" src=\"http:\/\/sinisalo.org\/blog\/wp-content\/uploads\/2012\/05\/P7194360.jpg\" alt=\"Edellisen kuvan tummien sadepilvien kaikottua kelpaa taas vaeltaa. Gaskkasvaggi, Norja\" width=\"686\" height=\"515\" srcset=\"https:\/\/sinisalo.org\/blog\/wp-content\/uploads\/2012\/05\/P7194360.jpg 686w, https:\/\/sinisalo.org\/blog\/wp-content\/uploads\/2012\/05\/P7194360-150x112.jpg 150w, https:\/\/sinisalo.org\/blog\/wp-content\/uploads\/2012\/05\/P7194360-300x225.jpg 300w\" sizes=\"(max-width: 686px) 100vw, 686px\" \/><p id=\"caption-attachment-335\" class=\"wp-caption-text\">Edellisen kuvan tummien sadepilvien kaikottua kelpaa taas vaeltaa. Gaskkasvaggi, Norja<\/p><\/div>\n<div id=\"attachment_336\" style=\"width: 696px\" class=\"wp-caption aligncenter\"><img loading=\"lazy\" decoding=\"async\" aria-describedby=\"caption-attachment-336\" class=\"size-full wp-image-336\" title=\"P7204394\" src=\"http:\/\/sinisalo.org\/blog\/wp-content\/uploads\/2012\/05\/P7204394.jpg\" alt=\"J\u00e4lleen keskiy\u00f6n telttakuva, t\u00e4\u00e4ll\u00e4 venyikin p\u00e4iv\u00e4 aamuy\u00f6h\u00f6n asti kuvausolosuhteita tarkkaillessa. Vuomajavri, Norja\" width=\"686\" height=\"515\" srcset=\"https:\/\/sinisalo.org\/blog\/wp-content\/uploads\/2012\/05\/P7204394.jpg 686w, https:\/\/sinisalo.org\/blog\/wp-content\/uploads\/2012\/05\/P7204394-150x112.jpg 150w, https:\/\/sinisalo.org\/blog\/wp-content\/uploads\/2012\/05\/P7204394-300x225.jpg 300w\" sizes=\"(max-width: 686px) 100vw, 686px\" \/><p id=\"caption-attachment-336\" class=\"wp-caption-text\">J\u00e4lleen keskiy\u00f6n telttakuva, t\u00e4\u00e4ll\u00e4 venyikin p\u00e4iv\u00e4 aamuy\u00f6h\u00f6n asti kuvausolosuhteita tarkkaillessa. Vuomajavri, Norja<\/p><\/div>\n<div id=\"attachment_337\" style=\"width: 696px\" class=\"wp-caption aligncenter\"><img loading=\"lazy\" decoding=\"async\" aria-describedby=\"caption-attachment-337\" class=\"size-full wp-image-337\" title=\"P7204451\" src=\"http:\/\/sinisalo.org\/blog\/wp-content\/uploads\/2012\/05\/P7204451.jpg\" alt=\"Mik\u00e4s t\u00e4llaisissa maisemissa on k\u00e4vell\u00e4 viel\u00e4 rinkankin jatkuvasti keventyess\u00e4. Vuomajavri, Norja\" width=\"686\" height=\"515\" srcset=\"https:\/\/sinisalo.org\/blog\/wp-content\/uploads\/2012\/05\/P7204451.jpg 686w, https:\/\/sinisalo.org\/blog\/wp-content\/uploads\/2012\/05\/P7204451-150x112.jpg 150w, https:\/\/sinisalo.org\/blog\/wp-content\/uploads\/2012\/05\/P7204451-300x225.jpg 300w\" sizes=\"(max-width: 686px) 100vw, 686px\" \/><p id=\"caption-attachment-337\" class=\"wp-caption-text\">Mik\u00e4s t\u00e4llaisissa maisemissa on k\u00e4vell\u00e4 viel\u00e4 rinkankin jatkuvasti keventyess\u00e4. Vuomajavri, Norja<\/p><\/div>\n<div id=\"attachment_338\" style=\"width: 696px\" class=\"wp-caption aligncenter\"><img loading=\"lazy\" decoding=\"async\" aria-describedby=\"caption-attachment-338\" class=\"size-full wp-image-338\" title=\"P7204457\" src=\"http:\/\/sinisalo.org\/blog\/wp-content\/uploads\/2012\/05\/P7204457.jpg\" alt=\"Pilvi\u00e4 alkoi ker\u00e4\u00e4ntym\u00e4\u00e4n ja kohta p\u00e4\u00e4sinkin kulkemaan vaihteeksi kunnon sateessa. Anjavassdalen, Norja\" width=\"686\" height=\"515\" srcset=\"https:\/\/sinisalo.org\/blog\/wp-content\/uploads\/2012\/05\/P7204457.jpg 686w, https:\/\/sinisalo.org\/blog\/wp-content\/uploads\/2012\/05\/P7204457-150x112.jpg 150w, https:\/\/sinisalo.org\/blog\/wp-content\/uploads\/2012\/05\/P7204457-300x225.jpg 300w\" sizes=\"(max-width: 686px) 100vw, 686px\" \/><p id=\"caption-attachment-338\" class=\"wp-caption-text\">Pilvi\u00e4 alkoi ker\u00e4\u00e4ntym\u00e4\u00e4n ja kohta p\u00e4\u00e4sinkin kulkemaan vaihteeksi kunnon sateessa. Anjavassdalen, Norja<\/p><\/div>\n<div id=\"attachment_339\" style=\"width: 696px\" class=\"wp-caption aligncenter\"><img loading=\"lazy\" decoding=\"async\" aria-describedby=\"caption-attachment-339\" class=\"size-full wp-image-339\" title=\"P7214526\" src=\"http:\/\/sinisalo.org\/blog\/wp-content\/uploads\/2012\/05\/P7214526.jpg\" alt=\"Kohti \u00d6vre Dividalin kansallispuistoa ja fasiliteettien taso nousee. Dividalen, Norja\" width=\"686\" height=\"515\" srcset=\"https:\/\/sinisalo.org\/blog\/wp-content\/uploads\/2012\/05\/P7214526.jpg 686w, https:\/\/sinisalo.org\/blog\/wp-content\/uploads\/2012\/05\/P7214526-150x112.jpg 150w, https:\/\/sinisalo.org\/blog\/wp-content\/uploads\/2012\/05\/P7214526-300x225.jpg 300w\" sizes=\"(max-width: 686px) 100vw, 686px\" \/><p id=\"caption-attachment-339\" class=\"wp-caption-text\">Kohti \u00d6vre Dividalin kansallispuistoa ja fasiliteettien taso nousee. Dividalen, Norja<\/p><\/div>\n<div id=\"attachment_340\" style=\"width: 696px\" class=\"wp-caption aligncenter\"><img loading=\"lazy\" decoding=\"async\" aria-describedby=\"caption-attachment-340\" class=\"size-full wp-image-340\" title=\"P7214530\" src=\"http:\/\/sinisalo.org\/blog\/wp-content\/uploads\/2012\/05\/P7214530.jpg\" alt=\"Motivaatio nousi korkealle kun m\u00e4ntymets\u00e4 ja juurakkoinen polku muistuttivat Etel\u00e4-Suomalaisesta mets\u00e4st\u00e4. Dividalen, Norja\" width=\"686\" height=\"515\" srcset=\"https:\/\/sinisalo.org\/blog\/wp-content\/uploads\/2012\/05\/P7214530.jpg 686w, https:\/\/sinisalo.org\/blog\/wp-content\/uploads\/2012\/05\/P7214530-150x112.jpg 150w, https:\/\/sinisalo.org\/blog\/wp-content\/uploads\/2012\/05\/P7214530-300x225.jpg 300w\" sizes=\"(max-width: 686px) 100vw, 686px\" \/><p id=\"caption-attachment-340\" class=\"wp-caption-text\">Motivaatio nousi korkealle kun m\u00e4ntymets\u00e4 ja juurakkoinen polku muistuttivat Etel\u00e4-Suomalaisesta mets\u00e4st\u00e4. Dividalen, Norja<\/p><\/div>\n<div id=\"attachment_341\" style=\"width: 696px\" class=\"wp-caption aligncenter\"><img loading=\"lazy\" decoding=\"async\" aria-describedby=\"caption-attachment-341\" class=\"size-full wp-image-341\" title=\"P7214536\" src=\"http:\/\/sinisalo.org\/blog\/wp-content\/uploads\/2012\/05\/P7214536.jpg\" alt=\"Divielvan uoma, sopiva paikka ruokatauolle tuossa edess\u00e4 olevalla kalliojyrk\u00e4nteell\u00e4. Dividalen, Norja\" width=\"686\" height=\"515\" srcset=\"https:\/\/sinisalo.org\/blog\/wp-content\/uploads\/2012\/05\/P7214536.jpg 686w, https:\/\/sinisalo.org\/blog\/wp-content\/uploads\/2012\/05\/P7214536-150x112.jpg 150w, https:\/\/sinisalo.org\/blog\/wp-content\/uploads\/2012\/05\/P7214536-300x225.jpg 300w\" sizes=\"(max-width: 686px) 100vw, 686px\" \/><p id=\"caption-attachment-341\" class=\"wp-caption-text\">Divielvan uoma, sopiva paikka tauolle tuossa edess\u00e4 olevalla kalliojyrk\u00e4nteell\u00e4. Dividalen, Norja<\/p><\/div>\n<div id=\"attachment_342\" style=\"width: 696px\" class=\"wp-caption aligncenter\"><img loading=\"lazy\" decoding=\"async\" aria-describedby=\"caption-attachment-342\" class=\"size-full wp-image-342\" title=\"P7214553\" src=\"http:\/\/sinisalo.org\/blog\/wp-content\/uploads\/2012\/05\/P7214553.jpg\" alt=\"Matala, mutta pitk\u00e4 kahlaus, jossa kaikki kivet pienist\u00e4 suuriin liikkuivat jalkojen alla. Skaktarjohka, Norja\" width=\"686\" height=\"515\" srcset=\"https:\/\/sinisalo.org\/blog\/wp-content\/uploads\/2012\/05\/P7214553.jpg 686w, https:\/\/sinisalo.org\/blog\/wp-content\/uploads\/2012\/05\/P7214553-150x112.jpg 150w, https:\/\/sinisalo.org\/blog\/wp-content\/uploads\/2012\/05\/P7214553-300x225.jpg 300w\" sizes=\"(max-width: 686px) 100vw, 686px\" \/><p id=\"caption-attachment-342\" class=\"wp-caption-text\">Matala, mutta pitk\u00e4 kahlaus, jossa kaikki kivet pienist\u00e4 suuriin liikkuivat jalkojen alla. Skaktarjohka, Norja<\/p><\/div>\n<div id=\"attachment_343\" style=\"width: 696px\" class=\"wp-caption aligncenter\"><img loading=\"lazy\" decoding=\"async\" aria-describedby=\"caption-attachment-343\" class=\"size-full wp-image-343\" title=\"P7214565\" src=\"http:\/\/sinisalo.org\/blog\/wp-content\/uploads\/2012\/05\/P7214565.jpg\" alt=\"Seuraava p\u00e4iv\u00e4 alkaa vasemmalla olevan tunturin kylke\u00e4 pitkin kulkemalla. Skaktardalen, Norja\" width=\"686\" height=\"515\" srcset=\"https:\/\/sinisalo.org\/blog\/wp-content\/uploads\/2012\/05\/P7214565.jpg 686w, https:\/\/sinisalo.org\/blog\/wp-content\/uploads\/2012\/05\/P7214565-150x112.jpg 150w, https:\/\/sinisalo.org\/blog\/wp-content\/uploads\/2012\/05\/P7214565-300x225.jpg 300w\" sizes=\"(max-width: 686px) 100vw, 686px\" \/><p id=\"caption-attachment-343\" class=\"wp-caption-text\">Seuraava p\u00e4iv\u00e4 alkaa vasemmalla olevan tunturin kylke\u00e4 pitkin kulkemalla. Skaktardalen, Norja<\/p><\/div>\n<div id=\"attachment_344\" style=\"width: 525px\" class=\"wp-caption aligncenter\"><img loading=\"lazy\" decoding=\"async\" aria-describedby=\"caption-attachment-344\" class=\"size-full wp-image-344\" title=\"P7224581\" src=\"http:\/\/sinisalo.org\/blog\/wp-content\/uploads\/2012\/05\/P7224581.jpg\" alt=\"T\u00e4llaista kuvaa katsoessa alkaa tekem\u00e4\u00e4n mieli p\u00e4\u00e4st\u00e4 takaisin poluille ja v\u00e4h\u00e4n niiden ulkopuolellekin. Stuora Nanna, Norja\" width=\"515\" height=\"686\" srcset=\"https:\/\/sinisalo.org\/blog\/wp-content\/uploads\/2012\/05\/P7224581.jpg 515w, https:\/\/sinisalo.org\/blog\/wp-content\/uploads\/2012\/05\/P7224581-112x150.jpg 112w, https:\/\/sinisalo.org\/blog\/wp-content\/uploads\/2012\/05\/P7224581-225x300.jpg 225w\" sizes=\"(max-width: 515px) 100vw, 515px\" \/><p id=\"caption-attachment-344\" class=\"wp-caption-text\">T\u00e4llaista kuvaa katsoessa alkaa tekem\u00e4\u00e4n mieli p\u00e4\u00e4st\u00e4 takaisin poluille ja v\u00e4h\u00e4n niiden ulkopuolellekin. Stuora Nanna, Norja<\/p><\/div>\n<div id=\"attachment_345\" style=\"width: 696px\" class=\"wp-caption aligncenter\"><img loading=\"lazy\" decoding=\"async\" aria-describedby=\"caption-attachment-345\" class=\"size-full wp-image-345\" title=\"P7224585\" src=\"http:\/\/sinisalo.org\/blog\/wp-content\/uploads\/2012\/05\/P7224585.jpg\" alt=\"Kivikkoisten tuntureiden ylitysten v\u00e4lill\u00e4 t\u00e4llainen rauhallinen maasto maistuu hyvin. Stuora Nanna, Norja\" width=\"686\" height=\"515\" srcset=\"https:\/\/sinisalo.org\/blog\/wp-content\/uploads\/2012\/05\/P7224585.jpg 686w, https:\/\/sinisalo.org\/blog\/wp-content\/uploads\/2012\/05\/P7224585-150x112.jpg 150w, https:\/\/sinisalo.org\/blog\/wp-content\/uploads\/2012\/05\/P7224585-300x225.jpg 300w\" sizes=\"(max-width: 686px) 100vw, 686px\" \/><p id=\"caption-attachment-345\" class=\"wp-caption-text\">Kivikkoisten tuntureiden ylitysten v\u00e4lill\u00e4 t\u00e4llainen rauhallinen maasto maistuu hyvin. Stuora Nanna, Norja<\/p><\/div>\n<div id=\"attachment_346\" style=\"width: 696px\" class=\"wp-caption aligncenter\"><img loading=\"lazy\" decoding=\"async\" aria-describedby=\"caption-attachment-346\" class=\"size-full wp-image-346\" title=\"P7224600\" src=\"http:\/\/sinisalo.org\/blog\/wp-content\/uploads\/2012\/05\/P7224600.jpg\" alt=\"Joku muukin k\u00e4ytt\u00e4nyt kivi\u00e4 pit\u00e4m\u00e4\u00e4n teltan kiilat t\u00e4ss\u00e4 maassa. Deartavaggi, Norja\" width=\"686\" height=\"515\" srcset=\"https:\/\/sinisalo.org\/blog\/wp-content\/uploads\/2012\/05\/P7224600.jpg 686w, https:\/\/sinisalo.org\/blog\/wp-content\/uploads\/2012\/05\/P7224600-150x112.jpg 150w, https:\/\/sinisalo.org\/blog\/wp-content\/uploads\/2012\/05\/P7224600-300x225.jpg 300w\" sizes=\"(max-width: 686px) 100vw, 686px\" \/><p id=\"caption-attachment-346\" class=\"wp-caption-text\">Joku muukin k\u00e4ytt\u00e4nyt kivi\u00e4 pit\u00e4m\u00e4\u00e4n teltan kiilat t\u00e4ss\u00e4 maassa. Deartavaggi, Norja<\/p><\/div>\n<div id=\"attachment_347\" style=\"width: 696px\" class=\"wp-caption aligncenter\"><img loading=\"lazy\" decoding=\"async\" aria-describedby=\"caption-attachment-347\" class=\"size-full wp-image-347\" title=\"P7244617\" src=\"http:\/\/sinisalo.org\/blog\/wp-content\/uploads\/2012\/05\/P7244617.jpg\" alt=\"Yhden sateisen taukop\u00e4iv\u00e4n j\u00e4lkeen l\u00e4hdin ylitt\u00e4m\u00e4\u00e4n tunturia sumuisessa s\u00e4\u00e4ss\u00e4. Buossir, Norja\" width=\"686\" height=\"515\" srcset=\"https:\/\/sinisalo.org\/blog\/wp-content\/uploads\/2012\/05\/P7244617.jpg 686w, https:\/\/sinisalo.org\/blog\/wp-content\/uploads\/2012\/05\/P7244617-150x112.jpg 150w, https:\/\/sinisalo.org\/blog\/wp-content\/uploads\/2012\/05\/P7244617-300x225.jpg 300w\" sizes=\"(max-width: 686px) 100vw, 686px\" \/><p id=\"caption-attachment-347\" class=\"wp-caption-text\">Yhden sateisen taukop\u00e4iv\u00e4n j\u00e4lkeen l\u00e4hdin ylitt\u00e4m\u00e4\u00e4n tunturia sumuisessa s\u00e4\u00e4ss\u00e4. Buossir, Norja<\/p><\/div>\n<div id=\"attachment_348\" style=\"width: 696px\" class=\"wp-caption aligncenter\"><img loading=\"lazy\" decoding=\"async\" aria-describedby=\"caption-attachment-348\" class=\"size-full wp-image-348\" title=\"P7244619\" src=\"http:\/\/sinisalo.org\/blog\/wp-content\/uploads\/2012\/05\/P7244619.jpg\" alt=\"Tauko sumun ja kivien keskell\u00e4. Buossir, Norja\" width=\"686\" height=\"515\" srcset=\"https:\/\/sinisalo.org\/blog\/wp-content\/uploads\/2012\/05\/P7244619.jpg 686w, https:\/\/sinisalo.org\/blog\/wp-content\/uploads\/2012\/05\/P7244619-150x112.jpg 150w, https:\/\/sinisalo.org\/blog\/wp-content\/uploads\/2012\/05\/P7244619-300x225.jpg 300w\" sizes=\"(max-width: 686px) 100vw, 686px\" \/><p id=\"caption-attachment-348\" class=\"wp-caption-text\">Tauko sumun ja kivien keskell\u00e4. Buossir, Norja<\/p><\/div>\n<div id=\"attachment_349\" style=\"width: 696px\" class=\"wp-caption aligncenter\"><img loading=\"lazy\" decoding=\"async\" aria-describedby=\"caption-attachment-349\" class=\"size-full wp-image-349\" title=\"P7244621\" src=\"http:\/\/sinisalo.org\/blog\/wp-content\/uploads\/2012\/05\/P7244621.jpg\" alt=\"Siin\u00e4 on yksi reittimerkki, seuraavasta ei ole tietoa, kompassi on t\u00e4llaisissa olosuhteissa hy\u00f6dyllinen. Buossir, Norja\" width=\"686\" height=\"515\" srcset=\"https:\/\/sinisalo.org\/blog\/wp-content\/uploads\/2012\/05\/P7244621.jpg 686w, https:\/\/sinisalo.org\/blog\/wp-content\/uploads\/2012\/05\/P7244621-150x112.jpg 150w, https:\/\/sinisalo.org\/blog\/wp-content\/uploads\/2012\/05\/P7244621-300x225.jpg 300w\" sizes=\"(max-width: 686px) 100vw, 686px\" \/><p id=\"caption-attachment-349\" class=\"wp-caption-text\">Siin\u00e4 on yksi reittimerkki, seuraavasta ei ole tietoa, kompassi on t\u00e4llaisissa olosuhteissa hy\u00f6dyllinen. Buossir, Norja<\/p><\/div>\n<div id=\"attachment_350\" style=\"width: 696px\" class=\"wp-caption aligncenter\"><img loading=\"lazy\" decoding=\"async\" aria-describedby=\"caption-attachment-350\" class=\"size-full wp-image-350\" title=\"P7244640\" src=\"http:\/\/sinisalo.org\/blog\/wp-content\/uploads\/2012\/05\/P7244640.jpg\" alt=\"Sumu v\u00e4henee mit\u00e4 alemmas p\u00e4\u00e4sen kohti Rostadalenia. Rostadalen, Norja\" width=\"686\" height=\"515\" srcset=\"https:\/\/sinisalo.org\/blog\/wp-content\/uploads\/2012\/05\/P7244640.jpg 686w, https:\/\/sinisalo.org\/blog\/wp-content\/uploads\/2012\/05\/P7244640-150x112.jpg 150w, https:\/\/sinisalo.org\/blog\/wp-content\/uploads\/2012\/05\/P7244640-300x225.jpg 300w\" sizes=\"(max-width: 686px) 100vw, 686px\" \/><p id=\"caption-attachment-350\" class=\"wp-caption-text\">Sumu v\u00e4henee mit\u00e4 alemmas p\u00e4\u00e4sen kohti Rostadalenia. Rostadalen, Norja<\/p><\/div>\n<div id=\"attachment_351\" style=\"width: 696px\" class=\"wp-caption aligncenter\"><img loading=\"lazy\" decoding=\"async\" aria-describedby=\"caption-attachment-351\" class=\"size-full wp-image-351\" title=\"P7254644\" src=\"http:\/\/sinisalo.org\/blog\/wp-content\/uploads\/2012\/05\/P7254644.jpg\" alt=\"Leiri Rostaelvan rannalla. Rostadalen, Norja\" width=\"686\" height=\"515\" srcset=\"https:\/\/sinisalo.org\/blog\/wp-content\/uploads\/2012\/05\/P7254644.jpg 686w, https:\/\/sinisalo.org\/blog\/wp-content\/uploads\/2012\/05\/P7254644-150x112.jpg 150w, https:\/\/sinisalo.org\/blog\/wp-content\/uploads\/2012\/05\/P7254644-300x225.jpg 300w\" sizes=\"(max-width: 686px) 100vw, 686px\" \/><p id=\"caption-attachment-351\" class=\"wp-caption-text\">Leiri Rostaelvan rannalla. Rostadalen, Norja<\/p><\/div>\n<div id=\"attachment_352\" style=\"width: 696px\" class=\"wp-caption aligncenter\"><img loading=\"lazy\" decoding=\"async\" aria-describedby=\"caption-attachment-352\" class=\"size-full wp-image-352\" title=\"P7254670\" src=\"http:\/\/sinisalo.org\/blog\/wp-content\/uploads\/2012\/05\/P7254670.jpg\" alt=\"Hein\u00e4kuun lopun kukintoja polun ymp\u00e4rill\u00e4. Rostadalen, Norja\" width=\"686\" height=\"515\" srcset=\"https:\/\/sinisalo.org\/blog\/wp-content\/uploads\/2012\/05\/P7254670.jpg 686w, https:\/\/sinisalo.org\/blog\/wp-content\/uploads\/2012\/05\/P7254670-150x112.jpg 150w, https:\/\/sinisalo.org\/blog\/wp-content\/uploads\/2012\/05\/P7254670-300x225.jpg 300w\" sizes=\"(max-width: 686px) 100vw, 686px\" \/><p id=\"caption-attachment-352\" class=\"wp-caption-text\">Hein\u00e4kuun lopun kukintoja polun ymp\u00e4rill\u00e4. Rostadalen, Norja<\/p><\/div>\n<div id=\"attachment_353\" style=\"width: 696px\" class=\"wp-caption aligncenter\"><img loading=\"lazy\" decoding=\"async\" aria-describedby=\"caption-attachment-353\" class=\"size-full wp-image-353\" title=\"P7254673\" src=\"http:\/\/sinisalo.org\/blog\/wp-content\/uploads\/2012\/05\/P7254673.jpg\" alt=\"Silta yli Iselvan, sen ja Rostaelvan yhtymiskohdassa. Rostadalen, Norja\" width=\"686\" height=\"515\" srcset=\"https:\/\/sinisalo.org\/blog\/wp-content\/uploads\/2012\/05\/P7254673.jpg 686w, https:\/\/sinisalo.org\/blog\/wp-content\/uploads\/2012\/05\/P7254673-150x112.jpg 150w, https:\/\/sinisalo.org\/blog\/wp-content\/uploads\/2012\/05\/P7254673-300x225.jpg 300w\" sizes=\"(max-width: 686px) 100vw, 686px\" \/><p id=\"caption-attachment-353\" class=\"wp-caption-text\">Silta yli Iselvan, sen ja Rostaelvan yhtymiskohdassa. Rostadalen, Norja<\/p><\/div>\n<div id=\"attachment_354\" style=\"width: 696px\" class=\"wp-caption aligncenter\"><img loading=\"lazy\" decoding=\"async\" aria-describedby=\"caption-attachment-354\" class=\"size-full wp-image-354\" title=\"P7254679\" src=\"http:\/\/sinisalo.org\/blog\/wp-content\/uploads\/2012\/05\/P7254679.jpg\" alt=\"V\u00e4hemm\u00e4n j\u00e4nnitt\u00e4v\u00e4\u00e4 polkua ja pitk\u00e4\u00e4 loivaa nousua. Adjavardu, Norja\" width=\"686\" height=\"515\" srcset=\"https:\/\/sinisalo.org\/blog\/wp-content\/uploads\/2012\/05\/P7254679.jpg 686w, https:\/\/sinisalo.org\/blog\/wp-content\/uploads\/2012\/05\/P7254679-150x112.jpg 150w, https:\/\/sinisalo.org\/blog\/wp-content\/uploads\/2012\/05\/P7254679-300x225.jpg 300w\" sizes=\"(max-width: 686px) 100vw, 686px\" \/><p id=\"caption-attachment-354\" class=\"wp-caption-text\">V\u00e4hemm\u00e4n j\u00e4nnitt\u00e4v\u00e4\u00e4 polkua ja pitk\u00e4\u00e4 loivaa nousua. Adjavardu, Norja<\/p><\/div>\n<div id=\"attachment_355\" style=\"width: 696px\" class=\"wp-caption aligncenter\"><img loading=\"lazy\" decoding=\"async\" aria-describedby=\"caption-attachment-355\" class=\"size-full wp-image-355\" title=\"P7254688\" src=\"http:\/\/sinisalo.org\/blog\/wp-content\/uploads\/2012\/05\/P7254688.jpg\" alt=\"Moskangaisin kierto kohti P\u00e4ltsan tupaa. Moskanjavri, Norja\" width=\"686\" height=\"515\" srcset=\"https:\/\/sinisalo.org\/blog\/wp-content\/uploads\/2012\/05\/P7254688.jpg 686w, https:\/\/sinisalo.org\/blog\/wp-content\/uploads\/2012\/05\/P7254688-150x112.jpg 150w, https:\/\/sinisalo.org\/blog\/wp-content\/uploads\/2012\/05\/P7254688-300x225.jpg 300w\" sizes=\"(max-width: 686px) 100vw, 686px\" \/><p id=\"caption-attachment-355\" class=\"wp-caption-text\">Moskangaisin kierto kohti P\u00e4ltsan tupaa. Moskanjavri, Norja<\/p><\/div>\n<div id=\"attachment_356\" style=\"width: 696px\" class=\"wp-caption aligncenter\"><img loading=\"lazy\" decoding=\"async\" aria-describedby=\"caption-attachment-356\" class=\"size-full wp-image-356\" title=\"P7264720\" src=\"http:\/\/sinisalo.org\/blog\/wp-content\/uploads\/2012\/05\/P7264720.jpg\" alt=\"Aika siistin n\u00e4k\u00f6isen\u00e4 olen onnistunut pysym\u00e4\u00e4n, taustalla P\u00e4ltsan huippu pilvien sis\u00e4ll\u00e4. Bealccanjohka, Ruotsi\" width=\"686\" height=\"515\" srcset=\"https:\/\/sinisalo.org\/blog\/wp-content\/uploads\/2012\/05\/P7264720.jpg 686w, https:\/\/sinisalo.org\/blog\/wp-content\/uploads\/2012\/05\/P7264720-150x112.jpg 150w, https:\/\/sinisalo.org\/blog\/wp-content\/uploads\/2012\/05\/P7264720-300x225.jpg 300w\" sizes=\"(max-width: 686px) 100vw, 686px\" \/><p id=\"caption-attachment-356\" class=\"wp-caption-text\">Aika siistin n\u00e4k\u00f6isen\u00e4 olen onnistunut pysym\u00e4\u00e4n, taustalla P\u00e4ltsan huippu pilvien sis\u00e4ll\u00e4. Bealccanjohka, Ruotsi<\/p><\/div>\n<div id=\"attachment_357\" style=\"width: 696px\" class=\"wp-caption aligncenter\"><img loading=\"lazy\" decoding=\"async\" aria-describedby=\"caption-attachment-357\" class=\"size-full wp-image-357\" title=\"P7264722\" src=\"http:\/\/sinisalo.org\/blog\/wp-content\/uploads\/2012\/05\/P7264722.jpg\" alt=\"Duoibalin ylitys kohti kolmen valtakunnan rajapyykki\u00e4 alkaa etel\u00e4rinteen koivikosta. Duoibal, Ruotsi\" width=\"686\" height=\"515\" srcset=\"https:\/\/sinisalo.org\/blog\/wp-content\/uploads\/2012\/05\/P7264722.jpg 686w, https:\/\/sinisalo.org\/blog\/wp-content\/uploads\/2012\/05\/P7264722-150x112.jpg 150w, https:\/\/sinisalo.org\/blog\/wp-content\/uploads\/2012\/05\/P7264722-300x225.jpg 300w\" sizes=\"(max-width: 686px) 100vw, 686px\" \/><p id=\"caption-attachment-357\" class=\"wp-caption-text\">Duoibalin ylitys kohti kolmen valtakunnan rajapyykki\u00e4 alkaa etel\u00e4rinteen koivikosta. Duoibal, Ruotsi<\/p><\/div>\n<div id=\"attachment_358\" style=\"width: 696px\" class=\"wp-caption aligncenter\"><img loading=\"lazy\" decoding=\"async\" aria-describedby=\"caption-attachment-358\" class=\"size-full wp-image-358\" title=\"P7264724\" src=\"http:\/\/sinisalo.org\/blog\/wp-content\/uploads\/2012\/05\/P7264724.jpg\" alt=\"Koivut j\u00e4\u00e4v\u00e4t nopeasti taakse, mutta viel\u00e4 on vihert\u00e4v\u00e4\u00e4. Duoibal, Norja\" width=\"686\" height=\"515\" srcset=\"https:\/\/sinisalo.org\/blog\/wp-content\/uploads\/2012\/05\/P7264724.jpg 686w, https:\/\/sinisalo.org\/blog\/wp-content\/uploads\/2012\/05\/P7264724-150x112.jpg 150w, https:\/\/sinisalo.org\/blog\/wp-content\/uploads\/2012\/05\/P7264724-300x225.jpg 300w\" sizes=\"(max-width: 686px) 100vw, 686px\" \/><p id=\"caption-attachment-358\" class=\"wp-caption-text\">Koivut j\u00e4\u00e4v\u00e4t nopeasti taakse, mutta viel\u00e4 on vihert\u00e4v\u00e4\u00e4. Duoibal, Norja<\/p><\/div>\n<div id=\"attachment_359\" style=\"width: 696px\" class=\"wp-caption aligncenter\"><img loading=\"lazy\" decoding=\"async\" aria-describedby=\"caption-attachment-359\" class=\"size-full wp-image-359\" title=\"P7264733\" src=\"http:\/\/sinisalo.org\/blog\/wp-content\/uploads\/2012\/05\/P7264733.jpg\" alt=\"Kunnes korkeimmilla paikoilla on melko karua. Duoibal, Norja\" width=\"686\" height=\"515\" srcset=\"https:\/\/sinisalo.org\/blog\/wp-content\/uploads\/2012\/05\/P7264733.jpg 686w, https:\/\/sinisalo.org\/blog\/wp-content\/uploads\/2012\/05\/P7264733-150x112.jpg 150w, https:\/\/sinisalo.org\/blog\/wp-content\/uploads\/2012\/05\/P7264733-300x225.jpg 300w\" sizes=\"(max-width: 686px) 100vw, 686px\" \/><p id=\"caption-attachment-359\" class=\"wp-caption-text\">Kunnes korkeimmilla paikoilla on melko karua. Duoibal, Norja<\/p><\/div>\n<div id=\"attachment_360\" style=\"width: 696px\" class=\"wp-caption aligncenter\"><img loading=\"lazy\" decoding=\"async\" aria-describedby=\"caption-attachment-360\" class=\"size-full wp-image-360\" title=\"P7264745\" src=\"http:\/\/sinisalo.org\/blog\/wp-content\/uploads\/2012\/05\/P7264745.jpg\" alt=\"Telttailua kolmen valtakunnan rajapyykin vieress\u00e4. Golddajavri, Norja\" width=\"686\" height=\"515\" srcset=\"https:\/\/sinisalo.org\/blog\/wp-content\/uploads\/2012\/05\/P7264745.jpg 686w, https:\/\/sinisalo.org\/blog\/wp-content\/uploads\/2012\/05\/P7264745-150x112.jpg 150w, https:\/\/sinisalo.org\/blog\/wp-content\/uploads\/2012\/05\/P7264745-300x225.jpg 300w\" sizes=\"(max-width: 686px) 100vw, 686px\" \/><p id=\"caption-attachment-360\" class=\"wp-caption-text\">Telttailua kolmen valtakunnan rajapyykin vieress\u00e4. Golddajavri, Norja<\/p><\/div>\n<div id=\"attachment_361\" style=\"width: 696px\" class=\"wp-caption aligncenter\"><img loading=\"lazy\" decoding=\"async\" aria-describedby=\"caption-attachment-361\" class=\"size-full wp-image-361\" title=\"P7274758\" src=\"http:\/\/sinisalo.org\/blog\/wp-content\/uploads\/2012\/05\/P7274758.jpg\" alt=\"Edellisen y\u00f6n leiripaikka oli j\u00e4rven vasemmassa p\u00e4\u00e4ss\u00e4, jonkin verran tuli nousua hyttysten kanssa. Mallan luonnonpuisto, Suomi\" width=\"686\" height=\"515\" srcset=\"https:\/\/sinisalo.org\/blog\/wp-content\/uploads\/2012\/05\/P7274758.jpg 686w, https:\/\/sinisalo.org\/blog\/wp-content\/uploads\/2012\/05\/P7274758-150x112.jpg 150w, https:\/\/sinisalo.org\/blog\/wp-content\/uploads\/2012\/05\/P7274758-300x225.jpg 300w\" sizes=\"(max-width: 686px) 100vw, 686px\" \/><p id=\"caption-attachment-361\" class=\"wp-caption-text\">Edellisen y\u00f6n leiripaikka oli j\u00e4rven vasemmassa p\u00e4\u00e4ss\u00e4, jonkin verran tuli nousua hyttysten kanssa. Mallan luonnonpuisto, Suomi<\/p><\/div>\n<div id=\"attachment_362\" style=\"width: 524px\" class=\"wp-caption aligncenter\"><img loading=\"lazy\" decoding=\"async\" aria-describedby=\"caption-attachment-362\" class=\"size-full wp-image-362\" title=\"P7274766\" src=\"http:\/\/sinisalo.org\/blog\/wp-content\/uploads\/2012\/05\/P7274766.jpg\" alt=\"Saana n\u00e4kyviss\u00e4 ja kymmenisen kilometri\u00e4 viel\u00e4 k\u00e4vely\u00e4 ennen kuin p\u00e4\u00e4sin Kilpisj\u00e4rvelle sy\u00f6m\u00e4\u00e4n. Mallan luonnonpuisto, Suomi\" width=\"514\" height=\"686\" srcset=\"https:\/\/sinisalo.org\/blog\/wp-content\/uploads\/2012\/05\/P7274766.jpg 514w, https:\/\/sinisalo.org\/blog\/wp-content\/uploads\/2012\/05\/P7274766-112x150.jpg 112w, https:\/\/sinisalo.org\/blog\/wp-content\/uploads\/2012\/05\/P7274766-224x300.jpg 224w\" sizes=\"(max-width: 514px) 100vw, 514px\" \/><p id=\"caption-attachment-362\" class=\"wp-caption-text\">Saana n\u00e4kyviss\u00e4 ja kymmenisen kilometri\u00e4 viel\u00e4 k\u00e4vely\u00e4 ennen kuin p\u00e4\u00e4sin Kilpisj\u00e4rvelle sy\u00f6m\u00e4\u00e4n. Mallan luonnonpuisto, Suomi<\/p><\/div>\n<div id=\"attachment_363\" style=\"width: 696px\" class=\"wp-caption aligncenter\"><img loading=\"lazy\" decoding=\"async\" aria-describedby=\"caption-attachment-363\" class=\"size-full wp-image-363\" title=\"P7274772\" src=\"http:\/\/sinisalo.org\/blog\/wp-content\/uploads\/2012\/05\/P7274772.jpg\" alt=\"Taukop\u00e4iv\u00e4n leiripaikka Tsahkalj\u00e4rven rannalla, Saana taustalla. Tsahkalj\u00e4rvi, Suomi\" width=\"686\" height=\"514\" srcset=\"https:\/\/sinisalo.org\/blog\/wp-content\/uploads\/2012\/05\/P7274772.jpg 686w, https:\/\/sinisalo.org\/blog\/wp-content\/uploads\/2012\/05\/P7274772-150x112.jpg 150w, https:\/\/sinisalo.org\/blog\/wp-content\/uploads\/2012\/05\/P7274772-300x224.jpg 300w\" sizes=\"(max-width: 686px) 100vw, 686px\" \/><p id=\"caption-attachment-363\" class=\"wp-caption-text\">Taukop\u00e4iv\u00e4n leiripaikka Tsahkalj\u00e4rven rannalla, Saana taustalla. Tsahkalj\u00e4rvi, Suomi<\/p><\/div>\n<div id=\"attachment_364\" style=\"width: 696px\" class=\"wp-caption aligncenter\"><img loading=\"lazy\" decoding=\"async\" aria-describedby=\"caption-attachment-364\" class=\"size-full wp-image-364\" title=\"P7274775\" src=\"http:\/\/sinisalo.org\/blog\/wp-content\/uploads\/2012\/05\/P7274775.jpg\" alt=\"Uudet ev\u00e4\u00e4t taukop\u00e4iv\u00e4lle. Tsahkalj\u00e4rvi, Suomi\" width=\"686\" height=\"515\" srcset=\"https:\/\/sinisalo.org\/blog\/wp-content\/uploads\/2012\/05\/P7274775.jpg 686w, https:\/\/sinisalo.org\/blog\/wp-content\/uploads\/2012\/05\/P7274775-150x112.jpg 150w, https:\/\/sinisalo.org\/blog\/wp-content\/uploads\/2012\/05\/P7274775-300x225.jpg 300w\" sizes=\"(max-width: 686px) 100vw, 686px\" \/><p id=\"caption-attachment-364\" class=\"wp-caption-text\">Uudet ev\u00e4\u00e4t taukop\u00e4iv\u00e4lle. Tsahkalj\u00e4rvi, Suomi<\/p><\/div>\n<div id=\"attachment_365\" style=\"width: 696px\" class=\"wp-caption aligncenter\"><img loading=\"lazy\" decoding=\"async\" aria-describedby=\"caption-attachment-365\" class=\"size-full wp-image-365\" title=\"P7284806\" src=\"http:\/\/sinisalo.org\/blog\/wp-content\/uploads\/2012\/05\/P7284806.jpg\" alt=\"Kiva ett\u00e4 on kuva siit\u00e4 ainoasta kerrasta kun k\u00e4vin uimassa vaelluksen aikana, ja uintis\u00e4\u00e4 oli aika mainio. Tsahkalj\u00e4rvi, Suomi\" width=\"686\" height=\"514\" srcset=\"https:\/\/sinisalo.org\/blog\/wp-content\/uploads\/2012\/05\/P7284806.jpg 686w, https:\/\/sinisalo.org\/blog\/wp-content\/uploads\/2012\/05\/P7284806-150x112.jpg 150w, https:\/\/sinisalo.org\/blog\/wp-content\/uploads\/2012\/05\/P7284806-300x224.jpg 300w\" sizes=\"(max-width: 686px) 100vw, 686px\" \/><p id=\"caption-attachment-365\" class=\"wp-caption-text\">Kiva ett\u00e4 on kuva siit\u00e4 ainoasta kerrasta kun k\u00e4vin uimassa vaelluksen aikana, ja uintis\u00e4\u00e4 oli aika mainio. Tsahkalj\u00e4rvi, Suomi<\/p><\/div>\n<p>&nbsp;<\/p>\n","protected":false},"excerpt":{"rendered":"<p>Matkakuvien julkaisu jatkuu, t\u00e4llaisella viikko per etappi tahdilla pelk\u00e4st\u00e4\u00e4n n\u00e4iden kuvien valmiiksi saamiseen jokaiselta etapilta menee yhteens\u00e4 seitsem\u00e4n viikkoa&#8230; Sitten olisi viel\u00e4 ne varsinaiset teokset. Ja se video. Kirjoitukset polulta: Abisko &#8211; Kilpisj\u00e4rvi, osa 1, osa 2, osa 3. &nbsp;<\/p>\n","protected":false},"author":1,"featured_media":0,"comment_status":"open","ping_status":"open","sticky":false,"template":"","format":"standard","meta":{"footnotes":""},"categories":[10,5],"tags":[75,57,84],"class_list":["post-318","post","type-post","status-publish","format-standard","hentry","category-vaellus","category-valokuvaus","tag-abisko","tag-kalotti","tag-kilpisjarvi"],"_links":{"self":[{"href":"https:\/\/sinisalo.org\/blog\/wp-json\/wp\/v2\/posts\/318"}],"collection":[{"href":"https:\/\/sinisalo.org\/blog\/wp-json\/wp\/v2\/posts"}],"about":[{"href":"https:\/\/sinisalo.org\/blog\/wp-json\/wp\/v2\/types\/post"}],"author":[{"embeddable":true,"href":"https:\/\/sinisalo.org\/blog\/wp-json\/wp\/v2\/users\/1"}],"replies":[{"embeddable":true,"href":"https:\/\/sinisalo.org\/blog\/wp-json\/wp\/v2\/comments?post=318"}],"version-history":[{"count":6,"href":"https:\/\/sinisalo.org\/blog\/wp-json\/wp\/v2\/posts\/318\/revisions"}],"predecessor-version":[{"id":370,"href":"https:\/\/sinisalo.org\/blog\/wp-json\/wp\/v2\/posts\/318\/revisions\/370"}],"wp:attachment":[{"href":"https:\/\/sinisalo.org\/blog\/wp-json\/wp\/v2\/media?parent=318"}],"wp:term":[{"taxonomy":"category","embeddable":true,"href":"https:\/\/sinisalo.org\/blog\/wp-json\/wp\/v2\/categories?post=318"},{"taxonomy":"post_tag","embeddable":true,"href":"https:\/\/sinisalo.org\/blog\/wp-json\/wp\/v2\/tags?post=318"}],"curies":[{"name":"wp","href":"https:\/\/api.w.org\/{rel}","templated":true}]}}